{"id":435,"date":"2019-02-15T16:21:04","date_gmt":"2019-02-15T15:21:04","guid":{"rendered":"http:\/\/freia.si\/?p=435"},"modified":"2019-02-15T16:21:04","modified_gmt":"2019-02-15T15:21:04","slug":"manikure","status":"publish","type":"post","link":"http:\/\/freia.si\/de_DE\/2019\/02\/15\/manikure\/","title":{"rendered":"MANIK\u00dcRE"},"content":{"rendered":"<p>Die Manik\u00fcre ist ein kosmetisches Verfahren zur Pflege von H\u00e4nden und N\u00e4geln, das sowohl zu Hause als auch im Sch\u00f6nheitssalon durchgef\u00fchrt werden kann. Es ist sowohl f\u00fcr Frauen als auch f\u00fcr M\u00e4nner gedacht.<\/p>\n<p>&nbsp;<\/p>\n<p>Gesunde und sch\u00f6ne N\u00e4gel geben einen Eindruck von Gepflegtheit des Individuums und seiner allgemeinen Gesundheit. Wenn unsere N\u00e4gel sch\u00f6n und gesund sein sollen, m\u00fcssen wir sie ausreichend pflegen. Die richtige Nagelpflege tr\u00e4gt zu einem schnelleren Wachstum der N\u00e4gel bei und sch\u00fctzt sie vor Splittern und Bruch. Hand- und Nagelpflege muss unsere t\u00e4gliche Pflege sein, da sie sch\u00e4dlichen \u00e4u\u00dferen und chemischen Einfl\u00fcssen mehr ausgesetzt sind als andere K\u00f6rperteile.<\/p>\n<p>&nbsp;<\/p>\n<h3><em>GESCHICHTE:<\/em><\/h3>\n<p>Die Anf\u00e4nge der Manik\u00fcre gehen 5000 Jahre zur\u00fcck, als Henna in Indien als Nagellack verwendet wurde. In China vor 3000 Jahren zeigten Farbe und L\u00e4nge der N\u00e4gel den sozialen Status einer Person. Es ist bekannt, dass die Witwe eines chinesischen Kaisers sehr lange N\u00e4gel hatte, und w\u00e4hrend der Ming-Dynastie wurden zum Beispiel die H\u00e4nde von Menschen mit k\u00f6niglichem Blut mit schwarzen und roten N\u00e4geln geschm\u00fcckt. Eine \u00e4hnliche Praxis der L\u00e4nge und Farbe der N\u00e4gel wurde auch im alten \u00c4gypten angewandt, wo die H\u00e4nde der K\u00f6nigin Nefertiti mit Rubinroten N\u00e4geln geschm\u00fcckt waren und K\u00f6nigin Kleopatra sportlich rote N\u00e4gel trug.<\/p>\n<p>&nbsp;<\/p>\n<h3><em>FAKTEN:<\/em><\/h3>\n<p>N\u00e4gel wachsen im Laufe ihres Lebens st\u00e4ndig und ihr Wachstum wird von vielen Faktoren beeinflusst:<\/p>\n<p>-vegetatives Nervensystem,<\/p>\n<p>&#8211; Hormone,<\/p>\n<p>und viele andere Faktoren (Genetik, Ern\u00e4hrung, \u00e4u\u00dfere Umgebung usw.).<\/p>\n<p>&nbsp;<\/p>\n<p><strong>Die N\u00e4gel wachsen:<\/strong><\/p>\n<p>&#8211; Bei j\u00fcngeren schneller als bei \u00e4lteren Menschen,<\/p>\n<p>&#8211; Bei Frauen schneller als bei M\u00e4nnern,<\/p>\n<p>&#8211; Im Sommer schneller als im Winter,<\/p>\n<p>&#8211; An Handen schneller als an Beinen,<\/p>\n<p>&#8211; Wen wir gesund sind schneller als wen wir Krank sind,<\/p>\n<p>&#8211; zwischen Krankheiten und Schlankheits Di\u00e4ten langsamer, aufgrund der schlechten Versorgung mit N\u00e4hrstoffen.<\/p>\n<p><img decoding=\"async\" loading=\"lazy\" class=\"aligncenter wp-image-249 size-full\" src=\"http:\/\/freia.si\/wp-content\/uploads\/2018\/12\/IMG_20181012_120704_428-e1544101032660.jpg\" alt=\"\" width=\"400\" height=\"400\" \/>Neben Shellac permanet-Lackierung und Lackierung mit klassischen Lacken bieten wir ihnen im unserem Studio auch eine nat\u00fcrliche Hand- und Nagelmanik\u00fcre an. Sie k\u00f6nnen zwischen Mini, Therapeutischer und Freia-Naturmanik\u00fcre w\u00e4hlen.<\/p>\n<p>&nbsp;<\/p>\n<h3><em>MINI MANIK\u00dcRE<\/em><\/h3>\n<h4><strong>Bearbeitung und Vorbereitung der N\u00e4gel und der Nagelhaut auf das Lackieren:<\/strong><\/h4>\n<p>&#8211; Entfernung der Nagelhaut<\/p>\n<p>-Anwendung des Nagelbalsams<\/p>\n<p>-Gestaltung der N\u00e4gel mit der Nagelfeile<\/p>\n<p>&#8211; Pflege der Nagelhaut mit \u00d6l<\/p>\n<p>&nbsp;<\/p>\n<h5><strong>PREIS: 15 EUR<\/strong><\/h5>\n<p>&nbsp;<\/p>\n<p>&nbsp;<\/p>\n<h3><em>THERAPEUTISCHE MANIK\u00dcRE<\/em><\/h3>\n<h4><strong>Jetzt bieten wir Ihnen eine komplette Therapie f\u00fcr die Hand- und Nagelpflege an. Alle Produkte enthalten einzigartige Kombinationen aus nat\u00fcrlichen Proteinen und Balsamen, die Ihre N\u00e4gel st\u00e4rken, n\u00e4hren,\u00a0 br\u00fcchen vorbeugen und ihnen ein gesundes Wachstum erm\u00f6glichen. Geeignet f\u00fcr alle, die ihre N\u00e4gel verbessern oder in perfektem Zustand halten m\u00f6chten:<\/strong><\/h4>\n<p>&#8211; Befeuchtung der H\u00e4nde im Seifenwasser<\/p>\n<p>&#8211; Entfernung der Nagelhaut<\/p>\n<p>&#8211; Anwendung des Nagelbalsams<\/p>\n<p>&#8211; Gestaltung der N\u00e4gel mit der Nagelfeile<\/p>\n<p>&#8211; Hand- und Armmassage<\/p>\n<p>&#8211; Anwendung der Formel f\u00fcr die Nageltherapie (die geeignete Formel wird entsprechend dem Bedarf der N\u00e4gel bestimmt)<\/p>\n<p>&#8211; Pflege der Nagelhaut mit \u00d6l<\/p>\n<p>&nbsp;<\/p>\n<p>* Es wird empfohlen, dass der Kunde t\u00e4glich die entsprechende Formel f\u00fcr die Nagelbehandlung zu Hause verwendet, da nur so die wahre Wirkung der Formeln und die Verbesserung des Zustands sichergestellt werden kann &#8211; entweder spr\u00f6de, gerillte oder schuppige N\u00e4gel.<\/p>\n<p>&nbsp;<\/p>\n<h5><strong>PREIS: 20 EUR<\/strong><\/h5>\n<h3><img decoding=\"async\" loading=\"lazy\" class=\"wp-image-251 size-full aligncenter\" src=\"http:\/\/freia.si\/wp-content\/uploads\/2018\/12\/IMG_20181205_102324_431-e1544100958123.jpg\" alt=\"\" width=\"400\" height=\"400\" \/><\/h3>\n<h3><em>FREIA MANIK\u00dcRE<\/em><\/h3>\n<h4><strong>Ihre H\u00e4nde und N\u00e4gel verdienen besondere Aufmerksamkeit, denn so erhalten wir sch\u00f6ne und gesunde N\u00e4gel und seidig weiche Haut. Bei richtiger nat\u00fcrlicher Pflege verabschieden Sie sich schnell von gespaltenen Nagelspitzen und trockener Haut an den H\u00e4nden. Mit einer hochwertigen Manik\u00fcre werden Ihre N\u00e4gel gesund und sch\u00f6n sein und Sie werden sich in Ihrer Haut wunderbar f\u00fchlen:<\/strong><\/h4>\n<p>&#8211; Befeuchtung der H\u00e4nde im Seifenwasser<\/p>\n<p>&#8211; Peeling der H\u00e4nde<\/p>\n<p>&#8211; Gestaltung der N\u00e4gel mit der Nagelfeile<\/p>\n<p>&#8211; Feuchtigkeitsmaske f\u00fcr H\u00e4nde und N\u00e4gel<\/p>\n<p>&#8211; Entfernung der Nagelhaut<\/p>\n<p>&#8211; Pflege der N\u00e4gel mit RescueRXx t\u00e4glicher Keratin-Nagelpflege<\/p>\n<p>&#8211; Pflege der Nagelhaut mit \u00d6l<\/p>\n<p>&#8211; Hand und Armmassage<\/p>\n<p>&nbsp;<\/p>\n<h5><strong>PREIS: 28 EUR<\/strong><\/h5>\n<p>&nbsp;<\/p>\n<p>&nbsp;<\/p>\n<h5><strong>K\u00fcmmere dich noch heute um sch\u00f6ne und gepflegte H\u00e4nde!<\/strong><\/h5>\n","protected":false},"excerpt":{"rendered":"<p>Die Manik\u00fcre ist ein kosmetisches Verfahren zur Pflege von H\u00e4nden und N\u00e4geln, das sowohl zu Hause als auch im Sch\u00f6nheitssalon durchgef\u00fchrt werden kann. Es ist sowohl f\u00fcr Frauen als auch f\u00fcr M\u00e4nner gedacht. &nbsp; Gesunde und sch\u00f6ne N\u00e4gel geben einen Eindruck von Gepflegtheit des Individuums und seiner allgemeinen Gesundheit. Wenn unsere N\u00e4gel sch\u00f6n und gesund [&hellip;]<\/p>\n","protected":false},"author":2,"featured_media":256,"comment_status":"closed","ping_status":"open","sticky":false,"template":"","format":"standard","meta":[],"categories":[18],"tags":[],"post_mailing_queue_ids":[],"_links":{"self":[{"href":"http:\/\/freia.si\/de_DE\/wp-json\/wp\/v2\/posts\/435"}],"collection":[{"href":"http:\/\/freia.si\/de_DE\/wp-json\/wp\/v2\/posts"}],"about":[{"href":"http:\/\/freia.si\/de_DE\/wp-json\/wp\/v2\/types\/post"}],"author":[{"embeddable":true,"href":"http:\/\/freia.si\/de_DE\/wp-json\/wp\/v2\/users\/2"}],"replies":[{"embeddable":true,"href":"http:\/\/freia.si\/de_DE\/wp-json\/wp\/v2\/comments?post=435"}],"version-history":[{"count":1,"href":"http:\/\/freia.si\/de_DE\/wp-json\/wp\/v2\/posts\/435\/revisions"}],"predecessor-version":[{"id":436,"href":"http:\/\/freia.si\/de_DE\/wp-json\/wp\/v2\/posts\/435\/revisions\/436"}],"wp:featuredmedia":[{"embeddable":true,"href":"http:\/\/freia.si\/de_DE\/wp-json\/wp\/v2\/media\/256"}],"wp:attachment":[{"href":"http:\/\/freia.si\/de_DE\/wp-json\/wp\/v2\/media?parent=435"}],"wp:term":[{"taxonomy":"category","embeddable":true,"href":"http:\/\/freia.si\/de_DE\/wp-json\/wp\/v2\/categories?post=435"},{"taxonomy":"post_tag","embeddable":true,"href":"http:\/\/freia.si\/de_DE\/wp-json\/wp\/v2\/tags?post=435"}],"curies":[{"name":"wp","href":"https:\/\/api.w.org\/{rel}","templated":true}]}}